{"id":208,"date":"2021-01-26T11:06:11","date_gmt":"2021-01-26T11:06:11","guid":{"rendered":"https:\/\/www.cubalibre.today\/?p=208"},"modified":"2021-01-26T11:06:11","modified_gmt":"2021-01-26T11:06:11","slug":"het-welzijn-van-mensen-en-de-ontwikkeling-van-het-land-staan-centraal","status":"publish","type":"post","link":"https:\/\/www.cubalibre.today\/index.php\/2021\/01\/26\/het-welzijn-van-mensen-en-de-ontwikkeling-van-het-land-staan-centraal\/","title":{"rendered":"Het welzijn van mensen en de ontwikkeling van het land staan centraal"},"content":{"rendered":"\n<p>SANTA CLARA &#8211; In Villa Clara kwamen bestuurders van de centrale overheid en lokale overheid samen om te spreken over de corona aanpak en de financieel economische gevolgen van de pandemie. We hebben mogelijkheden om de huidige ontstane situatie het hoofd te bieden, uitgaande van de basis dat we oplossingen delen, dat we weten hoe we moeten werken en wat we moeten doen.  Wij werken voor het welzijn van het vaderland, de revolutie en het socialisme, we voeren een permanente strijd voor het welzijn van de mensen, zei Miguel D\u00edaz-Canel Berm\u00fadez, president van de Republiek Cuba.<\/p>\n\n\n\n<p>Momenteel stijgt het aantal coronabesmettingen in Villa Clara. De centrale overheid moet daarom ingrijpen. Om dit ordentelijk te laten verlopen kwamen leden van de centrale regering en de lokale autoriteiten bijeen. De president wees op de schendingen van de vastgestelde protocollen, waardoor\u00a0\u00a0Villa Clara terugviel in de fase van beperkte autochtone overdracht. <br><\/p>\n\n\n\n<!--more-->\n\n\n\n<figure class=\"wp-block-image size-large\"><img loading=\"lazy\" width=\"525\" height=\"350\" src=\"https:\/\/i0.wp.com\/www.cubalibre.today\/wp-content\/uploads\/2021\/01\/f0187965.jpg?resize=525%2C350&#038;ssl=1\" alt=\"\" class=\"wp-image-210\" srcset=\"https:\/\/i0.wp.com\/www.cubalibre.today\/wp-content\/uploads\/2021\/01\/f0187965.jpg?w=700&amp;ssl=1 700w, https:\/\/i0.wp.com\/www.cubalibre.today\/wp-content\/uploads\/2021\/01\/f0187965.jpg?resize=300%2C200&amp;ssl=1 300w\" sizes=\"(max-width: 525px) 100vw, 525px\" data-recalc-dims=\"1\" \/><\/figure>\n\n\n\n<p>Hoe beoordeelt de provincie Villa Clara de behandeling van reizigers die op het grondgebied aankomen?\u00a0Hoe is deze situatie ontstaan, terwijl de provincie een voorbeeld voor het land was?\u00a0Waarom werd het systeem ontmanteld in een gebied dat grote COVID-evenementen kon overwinnen? \u201dVroeg D\u00edaz-Canel, op de bijeenkomst waar ook Jos\u00e9 Ram\u00f3n Machado Ventura, tweede secretaris van het Centraal Comit\u00e9 van de Communistische Partij (PCC) van Cuba, aanwezig was;\u00a0de premier, Manuel Marrero Cruz, en Yudi Rodr\u00edguez Hern\u00e1ndez, eerste secretaris van het Provinciaal Comit\u00e9 van de Partij, evenals andere leiders.<\/p>\n\n\n\n<p>In reactie op de Cubaanse president zei de gouverneur van Villa Clara, Alberto L\u00f3pez D\u00edaz, dat de tegenslag in het licht van de covid-19 pandemie bij de derde uitbraak te wijten is aan gebrek aan discipline van reizigers en hun families, gebrek aan toezicht en controle op degenen die arriveren, lage risicoperceptie en weinig systematiek in het onderzoek.<\/p>\n\n\n\n<p>Het lid van het  Politiek Bureau Roberto Morales Ojeda, Cubaanse vice-premier,  sprak over het belang van het naleven van de regels, zolang het vaccin er nog niet is.  Daarnaast gaat men het proces van het epidemiologische onderzoek vereist effici\u00ebnter inrichten en investeren in de\u00a0verbetering van de kwaliteit van de eerstelijnszorg, met name het werk in de huisarts, en de organisatie van gemeentelijke medische zorg.<\/p>\n\n\n\n<figure class=\"wp-block-image size-large\"><img loading=\"lazy\" width=\"525\" height=\"394\" src=\"https:\/\/i0.wp.com\/www.cubalibre.today\/wp-content\/uploads\/2021\/01\/f0187971.jpg?resize=525%2C394&#038;ssl=1\" alt=\"\" class=\"wp-image-211\" srcset=\"https:\/\/i0.wp.com\/www.cubalibre.today\/wp-content\/uploads\/2021\/01\/f0187971.jpg?w=640&amp;ssl=1 640w, https:\/\/i0.wp.com\/www.cubalibre.today\/wp-content\/uploads\/2021\/01\/f0187971.jpg?resize=300%2C225&amp;ssl=1 300w\" sizes=\"(max-width: 525px) 100vw, 525px\" data-recalc-dims=\"1\" \/><\/figure>\n\n\n\n<p><strong>Verandering in lonen<\/strong><\/p>\n\n\n\n<p>Sommige werknemers verwachten een te grote loonstijging, omdat de omstandigheden door de pandemie lastiger zijn geworden om te werken is dit niet mogelijk. De overheid is echter verantwoordelijk voor een goede uitleg, vooral de meest kwetsbaren, moeten extra ondersteund worden en actief betrokken worden in de communicatie.<\/p>\n\n\n\n<p>Er zijn zorgen bij inwoners die gebruik maken van het sociale systeem om gezinnen te ondersteunen (SAF). De overheid zegt toe met een grondige analyse te komen: het kan niet zo zijn dat mensen hulpeloos blijven. We hebben in ons systeem van sociale bijstand verschillende mechanismen om hen te ondersteunen. Men moet echter wel bekend zijn met deze mechanismen. Wij gaan nu het bereik analyseren om daaruit mogelijke verbeteringen door te voeren. <\/p>\n\n\n\n<p>President Diaz-Canel gaf aan dat mensen niet klagen voor de lol. Soms is de overheid wel erg schematisch, we moeten flexibeler zijn en voldoen aan de behoeften van de bevolking. We moeten dan ook goed kijken naar de standaard prijzen voor voedsel en andere essenti\u00eble zaken.<\/p>\n\n\n\n<p>Sommige prijzen die zijn vastgesteld voor producten uit onder meer de voedingsindustrie, handel en gastronomie en de mini-industrie\u00ebn die bouwmaterialen produceren, verdienen dezelfde beoordeling, zei Marrero Cruz, die erop aandrong de aanpak te intensiveren en zo de trend tegen te gaan. De ineffici\u00ebntie moet daarnaast aangepakt worden. We moeten effici\u00ebnter gaan produceren en distribueren.<\/p>\n\n\n\n<p>Met betrekking tot de voedselproductie verwees Jose Luis Tapia Fonseca, vice-premier, onder meer naar de kritieke situatie van de veestapel in het gebied, gekenmerkt door hoge sterfte en lage geboortecijfers, die niet overeenstemmen met de resultaten of het potentieel van de provincie.\u00a0Wat betreft koffie, zei hij dat prioriteit is gegeven aan herbeplanting, omdat er nog steeds veel ontvolking is.<\/p>\n\n\n\n<p>In dit verband gaf de premier aan het programma Stadslandbouw te versterken en de aanleg van nieuwe kleinschalige lokale voedselproduct te versnellen. De overheid gaat daarnaast overdekte teelgebieden aanleggen en zorg dragen dat voedsel zoveel mogelijk lokaal geproduceerd wordt. Dit is een goede en veilige methode voor mens, dier en milieu. <\/p>\n\n\n\n<figure class=\"wp-block-image size-large\"><img loading=\"lazy\" width=\"525\" height=\"350\" src=\"https:\/\/i0.wp.com\/www.cubalibre.today\/wp-content\/uploads\/2021\/01\/f0187967.jpg?resize=525%2C350&#038;ssl=1\" alt=\"\" class=\"wp-image-212\" srcset=\"https:\/\/i0.wp.com\/www.cubalibre.today\/wp-content\/uploads\/2021\/01\/f0187967.jpg?w=700&amp;ssl=1 700w, https:\/\/i0.wp.com\/www.cubalibre.today\/wp-content\/uploads\/2021\/01\/f0187967.jpg?resize=300%2C200&amp;ssl=1 300w\" sizes=\"(max-width: 525px) 100vw, 525px\" data-recalc-dims=\"1\" \/><\/figure>\n\n\n\n<p>Alejandro Gil Fern\u00e1ndez, vice-premier en hoofd van Economie en Planning, erkende de reactie van de meer dan 2700 inwoners van Villa Clara die werk begonnen te zoeken na het begin van de uitvoering van de ordentaak, (werkverschaffings decreet). Deze personen treden in dienst om zo een bijdrage te leveren aan de productie van essenti\u00eble zaken.<\/p>\n\n\n\n<p>Er is grote irritatie bij het fenomeen wederverkopers. Deze wederverkopers verkopen essentiele goederen tegen woekerprijzen. Villa Clara heeft al jaren beleid dat gericht is om dit aan te pakken. De provincie boekt vooruitgang, maar de resulaten zijn nog steeds onvoldoende en de uitvoering fragmentarisch. Het is voor velen inwoners erg frustrerend om te zien dat zij hard werken, maar dat prijzen worden opgedreven door wederverkopers. De wederverkopers kunnen rekenen op een hardere aanpak vanuit de overheid.<\/p>\n\n\n\n<p>Om de bijeenkomst samen te vatten, benadrukte president D\u00edaz-Canel dat het noodzakelijk is om het uitbreken van covid-19 snel te boven te komen en vooruitgang te boeken bij economische taken, waarvoor intensief moet worden gewerkt en onszelf moeten worden ontdaan van het minimale symptoom van overweldiging of vermoeidheid.\u00a0&#8220;We moeten blijven werken voor het welzijn van de mensen&#8221;, zei hij.<\/p>\n\n\n\n<figure class=\"wp-block-image size-large\"><img loading=\"lazy\" width=\"512\" height=\"340\" src=\"https:\/\/i0.wp.com\/www.cubalibre.today\/wp-content\/uploads\/2021\/01\/f0187973.jpg?resize=512%2C340&#038;ssl=1\" alt=\"\" class=\"wp-image-213\" srcset=\"https:\/\/i0.wp.com\/www.cubalibre.today\/wp-content\/uploads\/2021\/01\/f0187973.jpg?w=512&amp;ssl=1 512w, https:\/\/i0.wp.com\/www.cubalibre.today\/wp-content\/uploads\/2021\/01\/f0187973.jpg?resize=300%2C199&amp;ssl=1 300w\" sizes=\"(max-width: 512px) 100vw, 512px\" data-recalc-dims=\"1\" \/><\/figure>\n\n\n\n<p><strong>Het beleid ter versterking van de corona aanpak en economische activiteit:<\/strong><\/p>\n\n\n\n<ol><li>In de eerstelijnsgezondheidszorg zijn er nog steeds tekortkomingen in de systematiek van het populatieonderzoek en in de dagelijkse monitoring van mensen onder epidemiologische surveillance. We gaan het bron- en contactonderzoek intensiever uitvoeren.<\/li><li>Versterking van actief bron- en contact onderzoek door activisten van het CDR (1 023) en het FMC (5 741), naast de integratie van 1 871 studenten en 559 werknemers van de Universiteit voor Medische Wetenschappen voor deze taak.<\/li><li>Reorganisatie van medische diensten voor de verzorging van vermoede en bevestigde gevallen die in aantal toenemen.<\/li><li>Oprichting van werkgroepen om de gemeenten in de verschillende fasen bij te staan, en versterking van de controleacties voor de processen in de gezondheidsinstellingen, de werkcentra en de sociale instellingen.<\/li><li>Versterking van epidemiologieteams in ziekenhuizen en op gezondheidsgebieden om een \u200b\u200bbetere kwaliteit  (en respons) van de epidemiologische enqu\u00eates te bereiken en om het aantal gevallen zonder een gespecificeerde infectiebron te blijven verminderen;\u00a0alsook de epidemiologische stratificatie van de gebieden met het grootste risico, om de nodige maatregelen vast te stellen.<\/li><li>De transportservice voor oncologiepati\u00ebnten is gegarandeerd.<\/li><li>Transportservice voor gezondheidspersoneel, inclusief studenten van de 5e klas.\u00a0en 6e.\u00a0jaar, richting de provinciehoofdstad zijn gegarandeerd.<\/li><li>We zetten de Medibus van de gemeenten naar de provinciale ziekenhuizen wederom, om pati\u00ebnten beter te spreiden.<\/li><li>De hemodialysedienst is verzekerd.<\/li><li>Activering van controlepunten aan de grenzen met andere territoria, met toepassing van de sluiting van hun gemeentelijke- en provinciale grenzen.<\/li><li>Handhaving van de economische activiteit van het grondgebied en dienstverlening aan de bevolking.\u00a0<\/li><\/ol>\n\n\n\n<p><\/p>\n","protected":false},"excerpt":{"rendered":"<p>SANTA CLARA &#8211; In Villa Clara kwamen bestuurders van de centrale overheid en lokale overheid samen om te spreken over de corona aanpak en de financieel economische gevolgen van de pandemie. We hebben mogelijkheden om de huidige ontstane situatie het hoofd te bieden, uitgaande van de basis dat we oplossingen delen, dat we weten hoe &hellip; <\/p>\n<p class=\"link-more\"><a href=\"https:\/\/www.cubalibre.today\/index.php\/2021\/01\/26\/het-welzijn-van-mensen-en-de-ontwikkeling-van-het-land-staan-centraal\/\" class=\"more-link\"><span class=\"screen-reader-text\">&#8220;Het welzijn van mensen en de ontwikkeling van het land staan centraal&#8221;<\/span> verder lezen<\/a><\/p>\n","protected":false},"author":1,"featured_media":209,"comment_status":"open","ping_status":"open","sticky":false,"template":"","format":"standard","meta":{"spay_email":"","jetpack_publicize_message":"","jetpack_is_tweetstorm":false,"jetpack_publicize_feature_enabled":true},"categories":[19],"tags":[28,33,16,32],"jetpack_featured_media_url":"https:\/\/i0.wp.com\/www.cubalibre.today\/wp-content\/uploads\/2021\/01\/f0188053.jpg?fit=700%2C466&ssl=1","_links":{"self":[{"href":"https:\/\/www.cubalibre.today\/index.php\/wp-json\/wp\/v2\/posts\/208"}],"collection":[{"href":"https:\/\/www.cubalibre.today\/index.php\/wp-json\/wp\/v2\/posts"}],"about":[{"href":"https:\/\/www.cubalibre.today\/index.php\/wp-json\/wp\/v2\/types\/post"}],"author":[{"embeddable":true,"href":"https:\/\/www.cubalibre.today\/index.php\/wp-json\/wp\/v2\/users\/1"}],"replies":[{"embeddable":true,"href":"https:\/\/www.cubalibre.today\/index.php\/wp-json\/wp\/v2\/comments?post=208"}],"version-history":[{"count":1,"href":"https:\/\/www.cubalibre.today\/index.php\/wp-json\/wp\/v2\/posts\/208\/revisions"}],"predecessor-version":[{"id":214,"href":"https:\/\/www.cubalibre.today\/index.php\/wp-json\/wp\/v2\/posts\/208\/revisions\/214"}],"wp:featuredmedia":[{"embeddable":true,"href":"https:\/\/www.cubalibre.today\/index.php\/wp-json\/wp\/v2\/media\/209"}],"wp:attachment":[{"href":"https:\/\/www.cubalibre.today\/index.php\/wp-json\/wp\/v2\/media?parent=208"}],"wp:term":[{"taxonomy":"category","embeddable":true,"href":"https:\/\/www.cubalibre.today\/index.php\/wp-json\/wp\/v2\/categories?post=208"},{"taxonomy":"post_tag","embeddable":true,"href":"https:\/\/www.cubalibre.today\/index.php\/wp-json\/wp\/v2\/tags?post=208"}],"curies":[{"name":"wp","href":"https:\/\/api.w.org\/{rel}","templated":true}]}}