{"id":318,"date":"2021-04-21T08:53:32","date_gmt":"2021-04-21T08:53:32","guid":{"rendered":"https:\/\/www.cubalibre.today\/?p=318"},"modified":"2021-04-21T08:53:32","modified_gmt":"2021-04-21T08:53:32","slug":"raul-castro-treedt-terug-als-partijleider-partido-comunista-de-cuba","status":"publish","type":"post","link":"https:\/\/www.cubalibre.today\/index.php\/2021\/04\/21\/raul-castro-treedt-terug-als-partijleider-partido-comunista-de-cuba\/","title":{"rendered":"Ra\u00fal Castro treedt terug als partijleider Partido Comunista de Cuba"},"content":{"rendered":"\n<p>La Habana, Cuba &#8211; Ra\u00fal Castro treedt terug als partijleider van de Partido Comunista de Cuba (Communistische Partij van Cuba). In 2018 nam Ra\u00fal al afscheid van het presidentschap van Cuba. In dat jaar kondigde Ra\u00fal al aan om ook zijn leiderschap van de PCC neer te leggen in 2021. Tijdens het partijcongres wat onlangs werd gehouden in Havana kondigde de 89-jarige partijleider aan om ruimte te maken voor een nieuwe generatie. Met het vertrek van Ra\u00fal Castro komt er een einde aan het tijdperk Castro. Het socialistisch gedachtegoed van de Revolutie van 1959 blijft echter prominent aanwezig in de Cubaanse politiek.<\/p>\n\n\n\n<p>Hoewel Ra\u00fal nu ook als partijleider plaats maakt blijft hij actief betrokken bij de Communistische Partij. Ra\u00fal kondigde dit aan met een belangrijk statement: <em>\u201cZo lang ik leef, sta ik klaar om het vaderland, de revolutie en het socialisme te verdedigen\u201d<\/em>. En hierin staat hij niet alleen. Ook de nieuwe generatie zal dit gedachtegoed, wat het Cubaanse volk solidariteit en verbondenheid bracht, tot aan de dood blijven verdedigen. Als vertegenwoordiger van de eerste generatie na de Revolutie is het aannemelijk dat president M\u00edguel Diaz-Canel, die \u00e9\u00e9n jaar na de Cubaanse Revolutie werd geboren, ook kandidaat zal zijn voor het nieuwe partijleiderschap. M\u00edguel werd in 2018 al democratisch verkozen tot president van Cuba en volgde ook hierin Ra\u00fal op.<\/p>\n\n\n\n<p>Cuba heeft met M\u00edguel een nieuwe en moderne leider. Hij is actief op de sociale media om ook de jongere generatie te bereiken. Waar Ra\u00fal en Fidel Castro bij voorkeur in uniform in de openbaarheid kwamen, verschijnt M\u00edguel in een traditioneel Cubaans overhemd: het Guayabera. Hiermee laat hij de verbondenheid met het Cubaanse volk zien en symboliseert de verbondenheid en betrokkenheid tussen burgers en president. Ook de vrouw van M\u00edguel verschijnt regelmatig in het openbaar samen met haar man, iets waar de Castro\u2019s terughoudend in waren.<\/p>\n\n\n\n<p>Of het terugtreden van Ra\u00fal Castro ook effect zal hebben op de illegale blokkade vanuit de Verenigde Staten is nog de vraag. Onder het bewind van Donald Trump werden juist nieuwe sancties tegen Cuba doorgevoerd. Sancties die in strijd zijn met het VN Handvest. De sancties duperen niet alleen de Cubanen, maar ook de Amerikaanse burgers zelf. Amerikanen die voorheen mochten reizen en handelen werden slachtoffer van Trumps beleid tegen Cuba. Ondanks het aantreden van Biden als president van de VS wijst niets erop dat de banden weer zullen worden hersteld tussen de landen. Dat neemt niet weg dat Cuba uiteraard streeft naar normalisatie van de relatie. <\/p>\n\n\n\n<p><strong>\u00a1Hasta la Victoria Siempre!<\/strong><\/p>\n","protected":false},"excerpt":{"rendered":"<p>La Habana, Cuba &#8211; Ra\u00fal Castro treedt terug als partijleider van de Partido Comunista de Cuba (Communistische Partij van Cuba). In 2018 nam Ra\u00fal al afscheid van het presidentschap van Cuba. In dat jaar kondigde Ra\u00fal al aan om ook zijn leiderschap van de PCC neer te leggen in 2021. Tijdens het partijcongres wat onlangs &hellip; <\/p>\n<p class=\"link-more\"><a href=\"https:\/\/www.cubalibre.today\/index.php\/2021\/04\/21\/raul-castro-treedt-terug-als-partijleider-partido-comunista-de-cuba\/\" class=\"more-link\"><span class=\"screen-reader-text\">&#8220;Ra\u00fal Castro treedt terug als partijleider Partido Comunista de Cuba&#8221;<\/span> verder lezen<\/a><\/p>\n","protected":false},"author":1,"featured_media":319,"comment_status":"open","ping_status":"open","sticky":false,"template":"","format":"standard","meta":{"spay_email":"","jetpack_publicize_message":"","jetpack_is_tweetstorm":false,"jetpack_publicize_feature_enabled":true},"categories":[6],"tags":[38,40,39],"jetpack_featured_media_url":"https:\/\/i0.wp.com\/www.cubalibre.today\/wp-content\/uploads\/2021\/04\/Diaz-Canel-el-Raul-Castro.jpeg?fit=700%2C525&ssl=1","_links":{"self":[{"href":"https:\/\/www.cubalibre.today\/index.php\/wp-json\/wp\/v2\/posts\/318"}],"collection":[{"href":"https:\/\/www.cubalibre.today\/index.php\/wp-json\/wp\/v2\/posts"}],"about":[{"href":"https:\/\/www.cubalibre.today\/index.php\/wp-json\/wp\/v2\/types\/post"}],"author":[{"embeddable":true,"href":"https:\/\/www.cubalibre.today\/index.php\/wp-json\/wp\/v2\/users\/1"}],"replies":[{"embeddable":true,"href":"https:\/\/www.cubalibre.today\/index.php\/wp-json\/wp\/v2\/comments?post=318"}],"version-history":[{"count":1,"href":"https:\/\/www.cubalibre.today\/index.php\/wp-json\/wp\/v2\/posts\/318\/revisions"}],"predecessor-version":[{"id":320,"href":"https:\/\/www.cubalibre.today\/index.php\/wp-json\/wp\/v2\/posts\/318\/revisions\/320"}],"wp:featuredmedia":[{"embeddable":true,"href":"https:\/\/www.cubalibre.today\/index.php\/wp-json\/wp\/v2\/media\/319"}],"wp:attachment":[{"href":"https:\/\/www.cubalibre.today\/index.php\/wp-json\/wp\/v2\/media?parent=318"}],"wp:term":[{"taxonomy":"category","embeddable":true,"href":"https:\/\/www.cubalibre.today\/index.php\/wp-json\/wp\/v2\/categories?post=318"},{"taxonomy":"post_tag","embeddable":true,"href":"https:\/\/www.cubalibre.today\/index.php\/wp-json\/wp\/v2\/tags?post=318"}],"curies":[{"name":"wp","href":"https:\/\/api.w.org\/{rel}","templated":true}]}}